{"id":372,"date":"2024-07-22T04:49:51","date_gmt":"2024-07-22T04:49:51","guid":{"rendered":"http:\/\/www.ttc-ebingen.de\/?p=372"},"modified":"2024-07-22T04:52:58","modified_gmt":"2024-07-22T04:52:58","slug":"ttc-ebingen-ehrt-langjaehrigen-vorsitzenden","status":"publish","type":"post","link":"https:\/\/www.ttc-ebingen.de\/?p=372","title":{"rendered":"TTC Ebingen ehrt langj\u00e4hrigen Vorsitzenden"},"content":{"rendered":"\n<p>Ebingen. Ende Mai fand im Restaurant Apfelbaum die ordentliche Mitgliederversammlung des Tischtennisclubs Ebingen statt. Der Abend stand im Zeichen besonderer Ehrungen, allen voran die W\u00fcrdigung des langj\u00e4hrigen 1. Vorsitzenden Frank Zacke.<br>Zun\u00e4chst erfolgten die Berichte \u00fcber das vergangene Sportjahr. Der TTC nahm wieder mit einer Herren- und einer Jugendmannschaft am Spielbetrieb teil. Der Aktivenbereich war leider von massiven Personalproblemen gepr\u00e4gt. Im Nachwuchsbereich lief es daf\u00fcr wieder besonders gut. Ma\u00dfgeblichen Anteil an diesem Erfolg hatte Jugendwart Michael Gassen. Zwei Jugendspieler sammelten erste Erfahrungen bei den Aktiven, was als positiver Schritt gewertet wurde.<br>Kassenpr\u00fcfer Rudi Nolting bescheinigte im Anschluss Kassenwart Walter Metzger eine tadellose Kassenf\u00fchrung und lobte seine Arbeit. Aufgrund der einwandfreien Pr\u00fcfungsergebnisse erfolgte einstimmig die Entlastung des Kassenwarts und des gesamten Vorstands. Der 1. Vorsitzende Frank Zacke bedankte sich bei allen Funktion\u00e4ren f\u00fcr ihre geleistete Arbeit.<br>Walter Metzger ehrte anschlie\u00dfend im Auftrag von Sportwart Mario Zirn die Sieger der diesj\u00e4hrigen Vereinsmeisterschaften der Aktiven. Nach einer spannenden Gruppenphase<br>standen letztendlich die Halbfinalpartien fest, in welchen sich Thomas Ott und Michael Gassen durchsetzen konnten. Das Spiel um Platz gewann Walter Metzger gegen seinen Kontrahenten Bernd Kirschner. In einem packenden Finale konnte sich letztendlich Thomas Ott knapp in f\u00fcnf S\u00e4tzen durchsetzen und seinen Titel aus dem Vorjahr erfolgreich verteidigen.<\/p>\n\n\n\n<p>Der H\u00f6hepunkt der Versammlung war die Ehrung von Frank Zacke f\u00fcr seine 40-j\u00e4hrige Mitgliedschaft im Verein. Frank Zacke, der seit dem 1. Januar 1984 dem TTC Ebingen die<br>Treue h\u00e4lt, erhielt die goldene Ehrennadel. Seit seiner Jugend ist er im Verein aktiv und hat sowohl als Spieler als auch in verschiedenen Funktionen ma\u00dfgeblich zum Vereinsleben beigetragen. Neben seiner aktiven Karriere \u00fcbernahm er 1997 das Amt des 2. Vorsitzenden. Im Jahr 2003 wurde er schlie\u00dflich zum 1. Vorsitzenden gew\u00e4hlt, eine Position, die er mittlerweile seit \u00fcber 20 Jahren ununterbrochen innehat.<br>Walter Metzger hob Zackes Engagement und seine unerm\u00fcdliche Arbeit f\u00fcr den Verein hervor und sprach ihm im Namen aller Mitglieder seinen tiefsten Dank und seine Anerkennung aus.<br>Neben Frank Zacke wurden auch andere Mitglieder f\u00fcr ihre langj\u00e4hrige Treue zum Verein geehrt. Guilia Walter und Hannes Rath erhielten Auszeichnungen f\u00fcr 10 Jahre Mitgliedschaft, Andreas Kirchartz und Bernd Mayer f\u00fcr 25 Jahre.<\/p>\n\n\n\n<p>Auch dieses Jahr ist noch ein Grillfest geplant, welches Jugendliche, deren Eltern und die aktiven Mitglieder zusammenbringen und f\u00fcr einen stimmungsvollen Saisonabschluss sorgen soll.<\/p>\n\n\n\n<ol start=\"2\" class=\"wp-block-list\"><\/ol>\n\n\n\n<figure class=\"wp-block-image size-full\"><img loading=\"lazy\" decoding=\"async\" width=\"1186\" height=\"829\" src=\"http:\/\/www.ttc-ebingen.de\/wp-content\/uploads\/2024\/07\/image.png\" alt=\"\" class=\"wp-image-373\"\/><\/figure>\n","protected":false},"excerpt":{"rendered":"<p>Ebingen. Ende Mai fand im Restaurant Apfelbaum die ordentliche Mitgliederversammlung des Tischtennisclubs Ebingen statt. Der Abend stand im Zeichen besonderer Ehrungen, allen voran die W\u00fcrdigung des langj\u00e4hrigen 1. Vorsitzenden Frank Zacke.Zun\u00e4chst erfolgten die Berichte \u00fcber das vergangene Sportjahr. Der TTC nahm wieder mit einer Herren- und einer Jugendmannschaft am Spielbetrieb teil. Der Aktivenbereich war leider &hellip; <\/p>\n<p class=\"link-more\"><a href=\"https:\/\/www.ttc-ebingen.de\/?p=372\" class=\"more-link\"><span class=\"screen-reader-text\">\u201eTTC Ebingen ehrt langj\u00e4hrigen Vorsitzenden\u201c <\/span>weiterlesen<\/a><\/p>\n","protected":false},"author":1,"featured_media":0,"comment_status":"closed","ping_status":"","sticky":false,"template":"","format":"standard","meta":{"footnotes":""},"categories":[1],"tags":[],"class_list":["post-372","post","type-post","status-publish","format-standard","hentry","category-uncategorized"],"_links":{"self":[{"href":"https:\/\/www.ttc-ebingen.de\/index.php?rest_route=\/wp\/v2\/posts\/372","targetHints":{"allow":["GET"]}}],"collection":[{"href":"https:\/\/www.ttc-ebingen.de\/index.php?rest_route=\/wp\/v2\/posts"}],"about":[{"href":"https:\/\/www.ttc-ebingen.de\/index.php?rest_route=\/wp\/v2\/types\/post"}],"author":[{"embeddable":true,"href":"https:\/\/www.ttc-ebingen.de\/index.php?rest_route=\/wp\/v2\/users\/1"}],"replies":[{"embeddable":true,"href":"https:\/\/www.ttc-ebingen.de\/index.php?rest_route=%2Fwp%2Fv2%2Fcomments&post=372"}],"version-history":[{"count":4,"href":"https:\/\/www.ttc-ebingen.de\/index.php?rest_route=\/wp\/v2\/posts\/372\/revisions"}],"predecessor-version":[{"id":377,"href":"https:\/\/www.ttc-ebingen.de\/index.php?rest_route=\/wp\/v2\/posts\/372\/revisions\/377"}],"wp:attachment":[{"href":"https:\/\/www.ttc-ebingen.de\/index.php?rest_route=%2Fwp%2Fv2%2Fmedia&parent=372"}],"wp:term":[{"taxonomy":"category","embeddable":true,"href":"https:\/\/www.ttc-ebingen.de\/index.php?rest_route=%2Fwp%2Fv2%2Fcategories&post=372"},{"taxonomy":"post_tag","embeddable":true,"href":"https:\/\/www.ttc-ebingen.de\/index.php?rest_route=%2Fwp%2Fv2%2Ftags&post=372"}],"curies":[{"name":"wp","href":"https:\/\/api.w.org\/{rel}","templated":true}]}}